{"id":4205,"date":"2026-04-30T11:11:53","date_gmt":"2026-04-30T11:11:53","guid":{"rendered":"https:\/\/koivistoinen.net\/?p=4205"},"modified":"2026-04-30T11:11:53","modified_gmt":"2026-04-30T11:11:53","slug":"ulvilan-kummallinen-tapaus","status":"publish","type":"post","link":"https:\/\/koivistoinen.net\/index.php\/2026\/04\/30\/ulvilan-kummallinen-tapaus\/","title":{"rendered":"Ulvilan kummallinen tapaus"},"content":{"rendered":"\n<p>Vaikka juridiikka ei ole minua hiihtojuridiikkaa lukuun ottamatta koskaan kiinnostanut, niin kuitenkin seksiin ja v\u00e4kivaltaan liittyv\u00e4ss\u00e4 rikosoikeuden tentiss\u00e4 menestyin ihan hyvin. Ulvilan kummallista murhatapausta kaikkine sivujuonteineen olen mielenkiinnolla seurannut parikymment\u00e4 vuotta ja n\u00e4ht\u00e4v\u00e4ksi j\u00e4\u00e4, joko asia on nyt vihdoin k\u00e4sitelty loppuun, vai jatkuuko prosessi viel\u00e4 vuosia.<\/p>\n\n\n\n<p>Nimitt\u00e4in oikeusmurhan vuoksi vuosia linnassa viruneet tulevat viel\u00e4 vaatimaan miljoonakorvauksia ja prosessi saattaa p\u00e4\u00e4ty\u00e4 Euroopan ihmisoikeustuomioistuimeen saakka. Anneli Auer sai jo edellisist\u00e4 vankilavuosistaan korvausta noin 800 euroa vuorokaudelta ja voi olla, ett\u00e4 nyt korvausvaatimus tulee olemaan viel\u00e4kin enemm\u00e4n. Tasa-arvon nimiss\u00e4 miesyst\u00e4v\u00e4 voinee vaatia samanlaisia koppikorvauksia, joita p\u00e4\u00e4ss\u00e4 laskuni mukaan siunaantuu noin 1,5 miljoonaa euroa.<\/p>\n\n\n\n<p>Ja mik\u00e4li ihmisluontoa yht\u00e4\u00e4n tunnen, niin oikeusmurhan uhrit voivat hyvinkin nostaa prosessin niit\u00e4 henkil\u00f6it\u00e4 vastaan, jotka saivat Auerin pikkulapset aikoinaan kertomaan mielikuvituksellisia asioita \u00e4idist\u00e4\u00e4n ja t\u00e4m\u00e4n miesyst\u00e4v\u00e4st\u00e4, joten siit\u00e4kin jutusta voidaan pahimmillaan k\u00e4yd\u00e4 oikeutta viel\u00e4 vuosia, jos Euroopan ihmisoikeustuomioistuimeen saakka menn\u00e4\u00e4n.<\/p>\n\n\n\n<p>Vaikka kummallinen tapaus on tuo Ulvilan tapaus, niin luulimme jo kaksikymment\u00e4 vuotta sitten heti tapauksen j\u00e4lkeen ty\u00f6paikan kahvip\u00f6yd\u00e4ss\u00e4 mysteerin ratkaisseemme. Uhri oli aikoinaan opiskellut Kuopiossa ja h\u00e4n liikkui silloin er\u00e4\u00e4n aikalaistodistajan mukaan huomiota her\u00e4tt\u00e4v\u00e4n kiinte\u00e4sti er\u00e4\u00e4n isokokoisen kaverin seurassa. T\u00e4m\u00e4 yst\u00e4v\u00e4 hukkui noin vuorokausi Ulvilan murhan j\u00e4lkeen. Olen my\u00f6hemmin kuullut, ett\u00e4 poliisi selvitti perusteellisesti t\u00e4m\u00e4nkin tutkintalinjan ja silloin oli k\u00e4ynyt selv\u00e4ksi, etteiv\u00e4t murha ja hukkuminen liittyneet toisiinsa, joten meid\u00e4n kuopiolainen harrastelijasalapoliisiryhm\u00e4mme oli valinnut v\u00e4\u00e4r\u00e4n tutkintalinjan.<br><br>Kymmenisen vuotta sitten n\u00e4ytettiin tv:ss\u00e4 dokumentti Ulvilan murhasta ja siin\u00e4 kerrottiin se kummallinen tapaus, ett\u00e4 surmattu perheenis\u00e4 oli lukuisa kertoja ennen kuolemaansa ollut puhelimitse yhteydess\u00e4 porvoolaiseen poliisimieheen, joka ei tosin osannut kertoa syyt\u00e4 soittoihin. My\u00f6hemmin kyseinen poliisimies teki yhdess\u00e4 vaimonsa kanssa kaksoisitsemurhan.<\/p>\n\n\n\n<p>Mielenkiintoinen on t\u00e4m\u00e4 Anneli Auerin blogi: <a href=\"https:\/\/anneliauerkirjoittaa.blogspot.com\/\">https:\/\/anneliauerkirjoittaa.blogspot.com\/<\/a><\/p>\n","protected":false},"excerpt":{"rendered":"<p>Vaikka juridiikka ei ole minua hiihtojuridiikkaa lukuun ottamatta koskaan kiinnostanut, niin kuitenkin seksiin ja v\u00e4kivaltaan liittyv\u00e4ss\u00e4 rikosoikeuden tentiss\u00e4 menestyin ihan hyvin. Ulvilan kummallista murhatapausta kaikkine sivujuonteineen olen mielenkiinnolla seurannut parikymment\u00e4 vuotta ja n\u00e4ht\u00e4v\u00e4ksi j\u00e4\u00e4, joko asia on nyt vihdoin k\u00e4sitelty loppuun, vai jatkuuko prosessi viel\u00e4 vuosia. Nimitt\u00e4in oikeusmurhan vuoksi vuosia linnassa viruneet tulevat viel\u00e4 vaatimaan [&hellip;]<\/p>\n","protected":false},"author":1,"featured_media":0,"comment_status":"open","ping_status":"open","sticky":false,"template":"","format":"standard","meta":{"footnotes":""},"categories":[1],"tags":[],"class_list":["post-4205","post","type-post","status-publish","format-standard","hentry","category-uncategorized"],"_links":{"self":[{"href":"https:\/\/koivistoinen.net\/index.php\/wp-json\/wp\/v2\/posts\/4205","targetHints":{"allow":["GET"]}}],"collection":[{"href":"https:\/\/koivistoinen.net\/index.php\/wp-json\/wp\/v2\/posts"}],"about":[{"href":"https:\/\/koivistoinen.net\/index.php\/wp-json\/wp\/v2\/types\/post"}],"author":[{"embeddable":true,"href":"https:\/\/koivistoinen.net\/index.php\/wp-json\/wp\/v2\/users\/1"}],"replies":[{"embeddable":true,"href":"https:\/\/koivistoinen.net\/index.php\/wp-json\/wp\/v2\/comments?post=4205"}],"version-history":[{"count":1,"href":"https:\/\/koivistoinen.net\/index.php\/wp-json\/wp\/v2\/posts\/4205\/revisions"}],"predecessor-version":[{"id":4206,"href":"https:\/\/koivistoinen.net\/index.php\/wp-json\/wp\/v2\/posts\/4205\/revisions\/4206"}],"wp:attachment":[{"href":"https:\/\/koivistoinen.net\/index.php\/wp-json\/wp\/v2\/media?parent=4205"}],"wp:term":[{"taxonomy":"category","embeddable":true,"href":"https:\/\/koivistoinen.net\/index.php\/wp-json\/wp\/v2\/categories?post=4205"},{"taxonomy":"post_tag","embeddable":true,"href":"https:\/\/koivistoinen.net\/index.php\/wp-json\/wp\/v2\/tags?post=4205"}],"curies":[{"name":"wp","href":"https:\/\/api.w.org\/{rel}","templated":true}]}}